{"id":907,"date":"2021-06-06T07:38:58","date_gmt":"2021-06-06T10:38:58","guid":{"rendered":"https:\/\/www.mca.srv.br\/novo4\/?p=907"},"modified":"2022-04-07T14:35:30","modified_gmt":"2022-04-07T17:35:30","slug":"comite_de_tecnologia_mca1","status":"publish","type":"post","link":"https:\/\/www.mca.srv.br\/site\/tecnologia\/comite_de_tecnologia_mca1\/","title":{"rendered":"Comit\u00ea de tecnologia da MCA &#8211; Compromisso com valores e prop\u00f3sito!"},"content":{"rendered":"<p>COMIT\u00ca DE TECNOLOGIA DA MCA:<br \/>\nCOMPROMISSO COM VALORES E PROP\u00d3SITO!<br \/>\nPOR JOS\u00c9 GILBERTO LEMOS PRATES E LUCIMARA CRISTINA DA SILVA<\/p>\n<p>O Planejamento Estrat\u00e9gico da MCA conta com 4 Objetivos, desdobrados em resultados-chave (KR), os quais representam as metas globais que norteiam as nossas a\u00e7\u00f5es voltadas ao crescimento, \u00e0 adequa\u00e7\u00e3o \u00e0s tend\u00eancias do mercado, bem<br \/>\ncomo ao nosso principal patrim\u00f4nio \u2013 as pessoas. Um dos Objetivos Estrat\u00e9gicos \u00e9 \u201cAgregar Valor para Produtos e Servi\u00e7os MCA\u201d, para o qual foi constitu\u00eddo o Comit\u00ea de Tecnologia, em janeiro de 2021. O Comit\u00ea, liderado por Jos\u00e9 Gilberto Lemos, Diretor de Opera\u00e7\u00f5es, visa enriquecer a troca de informa\u00e7\u00f5es com diferentes olhares, em uma<br \/>\nperspectiva multidisciplinar, assim fazem parte a Alta Dire\u00e7\u00e3o da empresa e as \u00e1reas Financeira, Controladoria, Opera\u00e7\u00f5es, Gest\u00e3o de Pessoas e Governan\u00e7a Corporativa.<\/p>\n<p>Desde a sua implementa\u00e7\u00e3o, o Comit\u00ea vem atuando em diversas demandas, tanto na an\u00e1lise das solu\u00e7\u00f5es atuais, como tamb\u00e9m no estudo de novas alternativas com foco no desenvolvimento cont\u00ednuo. Tecnologia \u00e9 uma de nossas prioridades<br \/>\npara garantir agilidade, confiabilidade, melhoria nos processos e seguran\u00e7a da informa\u00e7\u00e3o.<\/p>\n","protected":false},"excerpt":{"rendered":"<p>COMIT\u00ca DE TECNOLOGIA DA MCA: COMPROMISSO COM VALORES E PROP\u00d3SITO! POR JOS\u00c9 GILBERTO LEMOS PRATES E LUCIMARA CRISTINA DA SILVA O Planejamento Estrat\u00e9gico da MCA conta com 4 Objetivos, desdobrados em resultados-chave (KR), os quais representam as metas globais que norteiam as nossas a\u00e7\u00f5es voltadas ao crescimento, \u00e0 adequa\u00e7\u00e3o \u00e0s tend\u00eancias do mercado, bem como<\/p>\n","protected":false},"author":3,"featured_media":908,"comment_status":"open","ping_status":"open","sticky":false,"template":"","format":"standard","meta":{"pgc_meta":"","_eb_attr":"","_crdt_document":"","_monsterinsights_skip_tracking":false,"_monsterinsights_sitenote_active":false,"_monsterinsights_sitenote_note":"","_monsterinsights_sitenote_category":0,"footnotes":""},"categories":[25],"tags":[29,30,31],"class_list":["post-907","post","type-post","status-publish","format-standard","has-post-thumbnail","hentry","category-tecnologia","tag-manufactring","tag-marketing","tag-metal"],"aioseo_notices":[],"post_mailing_queue_ids":[],"_links":{"self":[{"href":"https:\/\/www.mca.srv.br\/site\/wp-json\/wp\/v2\/posts\/907","targetHints":{"allow":["GET"]}}],"collection":[{"href":"https:\/\/www.mca.srv.br\/site\/wp-json\/wp\/v2\/posts"}],"about":[{"href":"https:\/\/www.mca.srv.br\/site\/wp-json\/wp\/v2\/types\/post"}],"author":[{"embeddable":true,"href":"https:\/\/www.mca.srv.br\/site\/wp-json\/wp\/v2\/users\/3"}],"replies":[{"embeddable":true,"href":"https:\/\/www.mca.srv.br\/site\/wp-json\/wp\/v2\/comments?post=907"}],"version-history":[{"count":1,"href":"https:\/\/www.mca.srv.br\/site\/wp-json\/wp\/v2\/posts\/907\/revisions"}],"predecessor-version":[{"id":1207,"href":"https:\/\/www.mca.srv.br\/site\/wp-json\/wp\/v2\/posts\/907\/revisions\/1207"}],"wp:featuredmedia":[{"embeddable":true,"href":"https:\/\/www.mca.srv.br\/site\/wp-json\/wp\/v2\/media\/908"}],"wp:attachment":[{"href":"https:\/\/www.mca.srv.br\/site\/wp-json\/wp\/v2\/media?parent=907"}],"wp:term":[{"taxonomy":"category","embeddable":true,"href":"https:\/\/www.mca.srv.br\/site\/wp-json\/wp\/v2\/categories?post=907"},{"taxonomy":"post_tag","embeddable":true,"href":"https:\/\/www.mca.srv.br\/site\/wp-json\/wp\/v2\/tags?post=907"}],"curies":[{"name":"wp","href":"https:\/\/api.w.org\/{rel}","templated":true}]}}